{"id":727,"date":"2026-04-01T11:36:29","date_gmt":"2026-04-01T09:36:29","guid":{"rendered":"https:\/\/cobdc.net\/18JCID\/?p=727"},"modified":"2026-04-01T11:36:29","modified_gmt":"2026-04-01T09:36:29","slug":"ja-pots-consultar-el-programa-de-les-18jcid","status":"publish","type":"post","link":"https:\/\/cobdc.net\/18JCID\/ja-pots-consultar-el-programa-de-les-18jcid\/","title":{"rendered":"Ja pots consultar el programa de les 18JCID"},"content":{"rendered":"\n<p>Ja est\u00e0 disponible el <strong>programa de les 18es Jornades Catalanes d\u2019Informaci\u00f3 i Documentaci\u00f3 (18JCID)<\/strong>, que se celebraran els dies <strong>4 i 5 de juny de 2026 a la Facultat d\u2019Informaci\u00f3 i Mitjans Audiovisuals (FIMA) de la Universitat de Barcelona<\/strong>.<\/p>\n\n\n\n<div style=\"height:15px\" aria-hidden=\"true\" class=\"wp-block-spacer\"><\/div>\n\n\n\n<p>Sota el lema <strong>\u201cBenvingudes a la resist\u00e8ncia\u201d<\/strong>, aquesta edici\u00f3 proposa un espai de reflexi\u00f3 i debat al voltant dels grans reptes del sector, a trav\u00e9s de quatre grans eixos:<\/p>\n\n\n<ul>\n<li style=\"list-style-type: none;\">\n<ul>\n<li>Avantguarda digital<\/li>\n<li>Trinxera social<\/li>\n<li>Refugi del coneixement i la cultura<\/li>\n<li>Front professional<\/li>\n<\/ul>\n<\/li>\n<\/ul>\n<p>\u00a0<\/p>\n\n\n<p>Durant dos dies, comptarem amb taules rodones, pon\u00e8ncies, contribucions i espais de debat amb professionals diversos.<\/p>\n\n\n\n<div style=\"height:15px\" aria-hidden=\"true\" class=\"wp-block-spacer\"><\/div>\n\n\n\n<p><strong>Ja pots consultar el programa complet i formalitzar la teva inscripci\u00f3. <\/strong><\/p>\n\n\n\n<p><strong><a href=\"https:\/\/cobdc.net\/18JCID\/\">https:\/\/cobdc.net\/18JCID\/<\/a><\/strong> <\/p>\n\n\n\n<div style=\"height:15px\" aria-hidden=\"true\" class=\"wp-block-spacer\"><\/div>\n\n\n\n<p>Esperem comptar amb la teva participaci\u00f3!<\/p>\n","protected":false},"excerpt":{"rendered":"<p>Ja est\u00e0 disponible el programa de les 18es Jornades Catalanes d\u2019Informaci\u00f3 i Documentaci\u00f3 (18JCID), que se celebraran els dies 4 i 5 de juny de 2026 a la Facultat d\u2019Informaci\u00f3 i Mitjans Audiovisuals (FIMA) de la Universitat de Barcelona. Sota el lema \u201cBenvingudes a la resist\u00e8ncia\u201d, aquesta edici\u00f3 proposa un espai de reflexi\u00f3 i debat [&hellip;]<\/p>\n","protected":false},"author":1,"featured_media":0,"comment_status":"closed","ping_status":"open","sticky":false,"template":"","format":"standard","meta":{"footnotes":""},"categories":[1],"tags":[],"class_list":["post-727","post","type-post","status-publish","format-standard","hentry","category-general"],"_links":{"self":[{"href":"https:\/\/cobdc.net\/18JCID\/wp-json\/wp\/v2\/posts\/727","targetHints":{"allow":["GET"]}}],"collection":[{"href":"https:\/\/cobdc.net\/18JCID\/wp-json\/wp\/v2\/posts"}],"about":[{"href":"https:\/\/cobdc.net\/18JCID\/wp-json\/wp\/v2\/types\/post"}],"author":[{"embeddable":true,"href":"https:\/\/cobdc.net\/18JCID\/wp-json\/wp\/v2\/users\/1"}],"replies":[{"embeddable":true,"href":"https:\/\/cobdc.net\/18JCID\/wp-json\/wp\/v2\/comments?post=727"}],"version-history":[{"count":6,"href":"https:\/\/cobdc.net\/18JCID\/wp-json\/wp\/v2\/posts\/727\/revisions"}],"predecessor-version":[{"id":733,"href":"https:\/\/cobdc.net\/18JCID\/wp-json\/wp\/v2\/posts\/727\/revisions\/733"}],"wp:attachment":[{"href":"https:\/\/cobdc.net\/18JCID\/wp-json\/wp\/v2\/media?parent=727"}],"wp:term":[{"taxonomy":"category","embeddable":true,"href":"https:\/\/cobdc.net\/18JCID\/wp-json\/wp\/v2\/categories?post=727"},{"taxonomy":"post_tag","embeddable":true,"href":"https:\/\/cobdc.net\/18JCID\/wp-json\/wp\/v2\/tags?post=727"}],"curies":[{"name":"wp","href":"https:\/\/api.w.org\/{rel}","templated":true}]}}