{"id":146,"date":"2026-01-07T12:37:32","date_gmt":"2026-01-07T10:37:32","guid":{"rendered":"https:\/\/cobdc.net\/18JCID\/?p=146"},"modified":"2026-02-17T11:18:13","modified_gmt":"2026-02-17T09:18:13","slug":"iniciem-les-18jcid","status":"publish","type":"post","link":"https:\/\/cobdc.net\/18JCID\/iniciem-les-18jcid\/","title":{"rendered":"INICIEM les #18JCID"},"content":{"rendered":"\n<p>Les jornades tindran lloc els dies 4 i 5 de juny<\/p>\n\n\n\n<p class=\"has-secondary-background-color has-background\">Des del <strong>COBDC<\/strong> estem preparant una nova edici\u00f3 de les <strong>Jornades Catalanes d\u2019Informaci\u00f3 i Documentaci\u00f3<\/strong>, que se celebraran els dies <strong>4 i 5 de juny de 2026<\/strong> a la <strong>Facultat d\u2019Informaci\u00f3 i Mitjans Audiovisuals de la Universitat de Barcelona<\/strong>.<\/p>\n\n\n\n<p>Aquesta 18a edici\u00f3 arriba sota el lema <strong>\u201cBenvingudes a la resist\u00e8ncia\u201d<\/strong>, una crida a l\u2019acci\u00f3 per defensar el coneixement, la cultura i la informaci\u00f3 en temps de soroll, desinformaci\u00f3 i canvis accelerats.<\/p>\n\n\n\n<p>Vivim en un moment en qu\u00e8 la informaci\u00f3 es manipula, la tecnologia ens interpel\u00b7la constantment i la nostra professi\u00f3, sempre al servei de la societat, ha d\u2019estar m\u00e9s alerta que mai. Som al capdavant de la defensa del pensament cr\u00edtic, de la llibertat d\u2019expressi\u00f3, dels drets d\u2019acc\u00e9s a la informaci\u00f3 i de la veritat contrastada. Ara, les bibliotec\u00e0ries i bibliotecaris, documentalistes i professionals de la informaci\u00f3 ens alcem com a <strong>agents actius d\u2019aquesta resist\u00e8ncia intel\u00b7lectual i social<\/strong>.<\/p>\n\n\n\n<p>Les <strong>18JCID<\/strong> volen ser un espai de trobada per reflexionar sobre el nostre paper en aquest escenari i per compartir estrat\u00e8gies, reptes i solucions.<\/p>\n\n\n\n<h3 class=\"wp-block-heading\"><strong>Eixos tem\u00e0tics<\/strong><\/h3>\n\n\n\n<ul class=\"wp-block-list\">\n<li><strong>Avantguarda digital:<\/strong>\u00a0Eix Tecnol\u00f2gic i IA<br>La intel\u00b7lig\u00e8ncia artificial i les noves tecnologies redefineixen la manera com creem, accedim i interpretem la informaci\u00f3. Ens situem davant d\u2019un escenari on la velocitat de la innovaci\u00f3 desafia la nostra capacitat cr\u00edtica i els nostres valors professionals.<br>Com podem integrar aquestes eines sense perdre el criteri, l\u2019\u00e8tica i el sentit hum\u00e0 que ens defineixen?<\/li>\n\n\n\n<li><strong>Trinxera social:\u00a0<\/strong>Eix Social<br>Les biblioteques i centres d\u2019informaci\u00f3 continuen sent espais de cohesi\u00f3, suport comunitari i defensa dels drets humans.<br>Com mantenim viu aquest comprom\u00eds en un context de polaritzaci\u00f3 i desigualtat?<\/li>\n\n\n\n<li><strong>Refugi del coneixement i la cultura: Eix Coneixement, Cultura i Informaci\u00f3<\/strong><br>Entre la desinformaci\u00f3, l\u2019exc\u00e9s de continguts i la p\u00e8rdua de referents, el coneixement es converteix en un acte de resist\u00e8ncia. Les biblioteques i centres d\u2019informaci\u00f3 s\u00f3n guardians de la mem\u00f2ria, del pensament cr\u00edtic i del dret a saber.<br>Quines noves estrat\u00e8gies podem desplegar per protegir, compartir i reivindicar el coneixement com a b\u00e9 com\u00fa?<\/li>\n\n\n\n<li><strong>Front professional: <\/strong>Eix Professional<br>La professi\u00f3 es reinventa constantment: nous perfils, compet\u00e8ncies i reptes redefineixen el nostre paper en la societat. Som una comunitat activa, cr\u00edtica i compromesa amb la llibertat d\u2019expressi\u00f3 i l\u2019acc\u00e9s a la informaci\u00f3.<br>Com podem seguir organitzant-nos, formant-nos i empoderant-nos per liderar aquesta resist\u00e8ncia col\u00b7lectiva?<\/li>\n<\/ul>\n\n\n\n<p>Les <strong>Jornades Catalanes<\/strong> s\u00f3n l\u2019espai de refer\u00e8ncia dels professionals de la informaci\u00f3, la documentaci\u00f3 i la biblioteconomia a Catalunya. Durant dos dies, la comunitat compartir\u00e0 <strong>confer\u00e8ncies, taules rodones, tallers i experi\u00e8ncies professionals<\/strong>, amb l\u2019objectiu de continuar <strong>construint professi\u00f3<\/strong>.<\/p>\n\n\n\n<p><strong>Arrenquem, doncs, la crida a la participaci\u00f3!<\/strong><\/p>\n\n\n\n<p>Volem escoltar la teva veu, con\u00e8ixer els teus projectes i sumar esfor\u00e7os en aquesta resist\u00e8ncia compartida.<\/p>\n\n\n\n<h3 class=\"wp-block-heading\"><strong>COMUNICACIONS<\/strong><\/h3>\n\n\n\n<p>Format: comunicacions cient\u00edfiques, textos in\u00e8dits que es presenten al comit\u00e8 cient\u00edfic. El Comit\u00e8 Cient\u00edfic de les Jornades revisar\u00e0 les propostes i, si s\u00f3n acceptades, us far\u00e0 arribar un comentari per continuar amb el circuit habitual d\u2019acceptaci\u00f3.<\/p>\n\n\n\n<p><strong>Data l\u00edmit d\u2019enviament: *Ampliat fins al 2 de febrer<br>Enviament a:<\/strong> <a href=\"mailto:18jcid@cobdc.org\">18jcid@cobdc.org<\/a><\/p>\n\n\n\n<p><strong>Instruccions:<br><\/strong>&nbsp;La proposta ha d\u2019incloure:<\/p>\n\n\n\n<ul class=\"wp-block-list\">\n<li>T\u00edtol de la comunicaci\u00f3<\/li>\n\n\n\n<li>Nom complet, c\u00e0rrec i lloc de treball de l\u2019autor\/a o autors\/es<\/li>\n\n\n\n<li>Dades de contacte (correu electr\u00f2nic i tel\u00e8fon)<\/li>\n\n\n\n<li>Resum descriptiu (1.000 paraules, cos Arial 11) amb objectius, metodologia, bibliografia i conclusions<\/li>\n\n\n\n<li>Paraules clau (5-10)<\/li>\n<\/ul>\n\n\n\n<p><strong>Assumpte del correu:<\/strong> [COMUNICACI\u00d3] Proposta Nom Cognoms: T\u00edtol<br><strong>Nom del fitxer:<\/strong> COMUNICACIO_Nom_Cognoms_T\u00edtolBreu<\/p>\n\n\n\n<h3 class=\"wp-block-heading\"><strong>EXPERI\u00c8NCIES<\/strong><\/h3>\n\n\n\n<p>Format: bones pr\u00e0ctiques que es duen a terme en biblioteques, centres de documentaci\u00f3, entitats o administracions p\u00fabliques. El Comit\u00e8 Cient\u00edfic revisar\u00e0 les propostes i, si s\u00f3n acceptades, us far\u00e0 arribar comentaris per al proc\u00e9s d\u2019acceptaci\u00f3.<\/p>\n\n\n\n<p><strong>Data l\u00edmit d\u2019enviament: *Ampliat fins al 2 de febrer<br>Enviament a:<\/strong> <a href=\"mailto:18jcid@cobdc.org\">18jcid@cobdc.org<\/a><\/p>\n\n\n\n<p><strong>Instruccions:<br><\/strong>&nbsp;La proposta ha d\u2019incloure:<\/p>\n\n\n\n<ul class=\"wp-block-list\">\n<li>Resum de l\u2019experi\u00e8ncia (m\u00ednim 1.000 paraules, cos Arial 11) on s\u2019expliqui la iniciativa, acci\u00f3, activitat o esdeveniment<\/li>\n\n\n\n<li>Impulsors (noms i entitat que es representa)<\/li>\n\n\n\n<li>Dades de contacte (correu electr\u00f2nic i tel\u00e8fon)<\/li>\n\n\n\n<li>Etiquetes o #hashtags per definir i agrupar millor les experi\u00e8ncies<\/li>\n<\/ul>\n\n\n\n<p><strong>Assumpte del correu:<\/strong> [EXPERI\u00c8NCIA] Proposta Nom Cognoms: T\u00edtol<br><strong>Nom del fitxer:<\/strong> EXPERIENCIA_Nom_Cognoms_T\u00edtolBreu<\/p>\n\n\n\n<h3 class=\"wp-block-heading\"><strong>P\u00d2STERS<\/strong><\/h3>\n\n\n\n<p>Format: p\u00f2sters cient\u00edfics, un format visual amb informaci\u00f3 resumida i concreta. El Comit\u00e8 Cient\u00edfic revisar\u00e0 les propostes i, si s\u00f3n acceptades, us far\u00e0 arribar comentaris per continuar amb el proc\u00e9s habitual d\u2019acceptaci\u00f3.<\/p>\n\n\n\n<p><strong>Data l\u00edmit d\u2019enviament: *Ampliat fins al 2 de febrer<br>Enviament a:<\/strong> <a href=\"mailto:18jcid@cobdc.org\">18jcid@cobdc.org<\/a><\/p>\n\n\n\n<p><strong>Instruccions:<br><\/strong>La proposta ha d\u2019incloure:<\/p>\n\n\n\n<ul class=\"wp-block-list\">\n<li>T\u00edtol<\/li>\n\n\n\n<li>Autor(s), instituci\u00f3(ns)<\/li>\n\n\n\n<li>Dades de contacte (correu electr\u00f2nic i tel\u00e8fon)<\/li>\n\n\n\n<li>Breu resum (300\u2013500 paraules)<\/li>\n<\/ul>\n\n\n\n<p>Es recomana incloure:<\/p>\n\n\n\n<ul class=\"wp-block-list\">\n<li>Introducci\u00f3<\/li>\n\n\n\n<li>Metodologia<\/li>\n\n\n\n<li>Resultats<\/li>\n\n\n\n<li>Conclusions<\/li>\n\n\n\n<li>Taules i figures (amb peu)<\/li>\n\n\n\n<li>Etiquetes o #hashtags<\/li>\n<\/ul>\n\n\n\n<p><strong>Assumpte del correu:<\/strong> [P\u00d2STER] Proposta Nom Cognoms: T\u00edtol<br><strong>Nom del fitxer:<\/strong> POSTER_Nom_Cognoms_T\u00edtolBreu<\/p>\n\n\n\n<p><strong>Totes les propostes rebudes a la b\u00fastia <\/strong><a href=\"mailto:18jcid@cobdc.org\"><strong>18jcid@cobdc.org<\/strong><\/a><strong> han d\u2019indicar clarament quin format presenten i una persona de contacte fixa durant tot el proc\u00e9s.<\/strong><\/p>\n\n\n\n<p>Esperem que aquesta nova edici\u00f3 us inspiri i us animi a <strong>sumar-vos a la resist\u00e8ncia<\/strong> des de la vostra experi\u00e8ncia professional.<\/p>\n\n\n\n<p class=\"has-secondary-background-color has-background\">Entre totes i tots, continuem <strong>CONSTRUINT PROFESSI\u00d3.<\/strong><\/p>\n","protected":false},"excerpt":{"rendered":"<p>Les jornades tindran lloc els dies 4 i 5 de juny Des del COBDC estem preparant una nova edici\u00f3 de les Jornades Catalanes d\u2019Informaci\u00f3 i Documentaci\u00f3, que se celebraran els dies 4 i 5 de juny de 2026 a la Facultat d\u2019Informaci\u00f3 i Mitjans Audiovisuals de la Universitat de Barcelona. Aquesta 18a edici\u00f3 arriba sota [&hellip;]<\/p>\n","protected":false},"author":1,"featured_media":0,"comment_status":"closed","ping_status":"open","sticky":false,"template":"","format":"standard","meta":{"footnotes":""},"categories":[1],"tags":[],"class_list":["post-146","post","type-post","status-publish","format-standard","hentry","category-general"],"_links":{"self":[{"href":"https:\/\/cobdc.net\/18JCID\/wp-json\/wp\/v2\/posts\/146","targetHints":{"allow":["GET"]}}],"collection":[{"href":"https:\/\/cobdc.net\/18JCID\/wp-json\/wp\/v2\/posts"}],"about":[{"href":"https:\/\/cobdc.net\/18JCID\/wp-json\/wp\/v2\/types\/post"}],"author":[{"embeddable":true,"href":"https:\/\/cobdc.net\/18JCID\/wp-json\/wp\/v2\/users\/1"}],"replies":[{"embeddable":true,"href":"https:\/\/cobdc.net\/18JCID\/wp-json\/wp\/v2\/comments?post=146"}],"version-history":[{"count":6,"href":"https:\/\/cobdc.net\/18JCID\/wp-json\/wp\/v2\/posts\/146\/revisions"}],"predecessor-version":[{"id":607,"href":"https:\/\/cobdc.net\/18JCID\/wp-json\/wp\/v2\/posts\/146\/revisions\/607"}],"wp:attachment":[{"href":"https:\/\/cobdc.net\/18JCID\/wp-json\/wp\/v2\/media?parent=146"}],"wp:term":[{"taxonomy":"category","embeddable":true,"href":"https:\/\/cobdc.net\/18JCID\/wp-json\/wp\/v2\/categories?post=146"},{"taxonomy":"post_tag","embeddable":true,"href":"https:\/\/cobdc.net\/18JCID\/wp-json\/wp\/v2\/tags?post=146"}],"curies":[{"name":"wp","href":"https:\/\/api.w.org\/{rel}","templated":true}]}}