{"id":739,"date":"2024-03-27T11:59:10","date_gmt":"2024-03-27T09:59:10","guid":{"rendered":"https:\/\/cobdc.net\/17JCID\/?p=739"},"modified":"2024-05-22T12:22:24","modified_gmt":"2024-05-22T10:22:24","slug":"programa","status":"publish","type":"post","link":"https:\/\/cobdc.net\/17JCID\/programa\/","title":{"rendered":""},"content":{"rendered":"\t\t<div data-elementor-type=\"wp-post\" data-elementor-id=\"739\" class=\"elementor elementor-739\">\n\t\t\t\t<div class=\"elementor-element elementor-element-639f558 e-con-full e-flex e-con e-parent\" data-id=\"639f558\" data-element_type=\"container\" data-e-type=\"container\">\n\t\t<div class=\"elementor-element elementor-element-71cbae7 e-flex e-con-boxed e-con e-child\" data-id=\"71cbae7\" data-element_type=\"container\" data-e-type=\"container\">\n\t\t\t\t\t<div class=\"e-con-inner\">\n\t\t\t\t<div class=\"elementor-element elementor-element-f9d2508 elementor-align-right elementor-widget elementor-widget-button\" data-id=\"f9d2508\" data-element_type=\"widget\" data-e-type=\"widget\" data-widget_type=\"button.default\">\n\t\t\t\t<div class=\"elementor-widget-container\">\n\t\t\t\t\t\t\t\t\t<div class=\"elementor-button-wrapper\">\n\t\t\t\t\t<a class=\"elementor-button elementor-button-link elementor-size-sm\" href=\"https:\/\/cobdc.net\/17JCID\/wp-content\/uploads\/2024\/05\/programa-23-i-24-DE-MAIG.pdf\">\n\t\t\t\t\t\t<span class=\"elementor-button-content-wrapper\">\n\t\t\t\t\t\t\t\t\t<span class=\"elementor-button-text\">PROGRAMA PDF<\/span>\n\t\t\t\t\t<\/span>\n\t\t\t\t\t<\/a>\n\t\t\t\t<\/div>\n\t\t\t\t\t\t\t\t<\/div>\n\t\t\t\t<\/div>\n\t\t\t\t<div class=\"elementor-element elementor-element-7496331 elementor-widget elementor-widget-spacer\" data-id=\"7496331\" data-element_type=\"widget\" data-e-type=\"widget\" data-widget_type=\"spacer.default\">\n\t\t\t\t<div class=\"elementor-widget-container\">\n\t\t\t\t\t\t\t<div class=\"elementor-spacer\">\n\t\t\t<div class=\"elementor-spacer-inner\"><\/div>\n\t\t<\/div>\n\t\t\t\t\t\t<\/div>\n\t\t\t\t<\/div>\n\t\t\t\t<div class=\"elementor-element elementor-element-32102a4 elementor-widget elementor-widget-text-editor\" data-id=\"32102a4\" data-element_type=\"widget\" data-e-type=\"widget\" data-widget_type=\"text-editor.default\">\n\t\t\t\t<div class=\"elementor-widget-container\">\n\t\t\t\t\t\t\t\t\t<p style=\"color: grey; font-size: 20px;\"><strong>Dijous 23<\/strong><\/p>\n<p style=\"color: #0b70a6; font-size: 33px;\"><strong>El Born Centre de Cultura i Mem\u00f2ria.&nbsp;<\/strong><\/p>\n<p style=\"color: #0b70a6; font-size: 33px;\"><strong>Sala Moragues<\/strong><\/p>\n<table>\n<tbody>\n<tr>\n<td style=\"width: 70px; text-align: left;\"><span style=\"color: #000000;\"><strong>8.00 h<\/strong><\/span><\/td>\n<td><strong><span style=\"color: #000000;\">Acreditacions<\/span><\/strong><\/td>\n<\/tr>\n<tr>\n<td style=\"vertical-align: top;\"><span style=\"color: #000000;\"><strong>9.00 h<\/strong><\/span><\/td>\n<td><strong><span style=\"color: #000000;\">Obertura de les 17JCID. Confer\u00e8ncia inaugural <\/span><\/strong><span style=\"color: #000000;\">amb Anna Punsoda. Escriptora, periodista i editora.<\/span><strong><span style=\"color: #000000;\"><br><\/span><\/strong><\/td>\n<\/tr>\n<tr>\n<td style=\"vertical-align: top;\"><span style=\"color: #000000;\"><strong>10.15 h<\/strong><\/span><\/td>\n<td><strong><span style=\"color: #000000;\">Pausa caf\u00e8. Cafeteria del Centre C\u00edvic Convent de Sant Agust\u00ed.<\/span><\/strong><\/td>\n<\/tr>\n<tr>\n<td style=\"vertical-align: top;\"><span style=\"color: #000000;\"><strong>11.00 h&nbsp;&nbsp; <\/strong><\/span><\/td>\n<td><span style=\"color: #000000;\"><strong><em>VEGA LX. La nova experi\u00e8ncia per la biblioteca<\/em>. <\/strong><\/span><span style=\"font-size: 12pt; color: #000000; background-color: transparent; font-variant-numeric: normal; font-variant-east-asian: normal; font-variant-alternates: normal; font-variant-position: normal; vertical-align: baseline; white-space-collapse: preserve;\">Nabil Saadallah, director de vendes d\u2019Innovative Interfaces LATAM\/EMEA<\/span><span style=\"color: #000000;\">.<\/span><\/td>\n<\/tr>\n<tr>\n<td style=\"vertical-align: top;\"><span style=\"color: #000000;\"><strong><span style=\"color: #000000;\">11.15 h&nbsp;<\/span>&nbsp; <\/strong><\/span><\/td>\n<td><span style=\"color: #000000;\"><b style=\"font-family: inherit; font-size: inherit;\">Taula tend\u00e8ncies. <\/b><b style=\"font-family: inherit; font-size: inherit;\"><i>I si les biblioteques no existissin? <\/i><\/b><span style=\"font-family: inherit; font-size: inherit;\">Amb Oscar Arroyo director de la Biblioteca Nacional d\u2019Espanya; Yolanda Puchades, presidenta del COBDCV; Ciro Llueca, vicegerent d\u2019Investigaci\u00f3 i Transfer\u00e8ncia i director Editorial de la UOC. Modera Xavier Gonz\u00e1lez Cuadra, cap de Col\u00b7leccions del Servei de Biblioteques de la Generalitat de Catalunya, president del COBDC i president de FESABID.<\/span><\/span><\/td>\n<\/tr>\n<tr>\n<td style=\"vertical-align: top;\"><span style=\"color: #000000;\"><strong>12.30 h&nbsp;&nbsp; <\/strong><\/span><\/td>\n<td><span style=\"color: #000000;\"><strong><em><b><i>Nous canals de comunicaci\u00f3 per la IA.<\/i><\/b><\/em> <span style=\"font-weight: 400;\">Jos\u00e9 A. Asensi, soci fundador d\u2019Idcare.<\/span><\/strong><\/span><\/td>\n<\/tr>\n<tr>\n<td style=\"vertical-align: top;\"><span style=\"color: #000000;\"><strong>12.45 h<\/strong><\/span><\/td>\n<td><strong style=\"color: #000000;\">Taula <strong>professional. <em>I si les bibliotec\u00e0ries deixem de ser professionals? <\/em><\/strong><\/strong><span style=\"color: #000000;\">Amb Josep Vives, director General de Promoci\u00f3 Cultural i Biblioteques; Marta Cano, gerent de Biblioteques de la Diputaci\u00f3 de Barcelona; Ferran Burguillos, gerent de Biblioteques de Barcelona; Miquel T\u00e9rmens, deg\u00e0 de la Facultat d\u2019Informaci\u00f3 i Mitjans Audiovisuals. Modera Eul\u00e0lia Espin\u00e0s, expresidenta del COBDC i gerent de Projectes, coneixement i recerca de l\u2019Institut d\u2019Estudis Catalans.<\/span><\/td>\n<\/tr>\n<tr>\n<td style=\"vertical-align: top;\"><span style=\"color: #000000;\"><strong>14.00 h<\/strong><\/span><\/td>\n<td><strong><span style=\"color: #000000;\">Descans migdia.<\/span><\/strong><\/td>\n<\/tr>\n<tr>\n<td style=\"vertical-align: top;\"><span style=\"color: #000000;\"><strong>16.00 h<\/strong><\/span><\/td>\n<td><b><i><span style=\"color: #000000;\">Preparant les biblioteques per un futur incert.<\/span> <\/i><\/b><span style=\"font-weight: 400; color: #000000;\">Gerard Vidal Santos, consultor de biblioteques a OCLC.<\/span><\/td>\n<\/tr>\n<tr>\n<td style=\"vertical-align: top;\"><span style=\"color: #000000;\"><strong>16.15 h<\/strong><\/span><\/td>\n<td><span style=\"color: #000000;\"><strong>Taula social. <em>I si les biblioteques ja no fossin lliures, democr\u00e0tiques i per a tothom? <\/em><\/strong>Amb Amparo Pons, cap de la Biblioteca de l\u2019ETNO, Museu Valenci\u00e0 d\u2019Etnologia; Ester Omella, cap de Planificaci\u00f3 Bibliotec\u00e0ria de la Diputaci\u00f3 de Barcelona, Albert Dub\u00e9 director de la Biblioteca de Riudellots de la Selva i Pepa Alguacil Gallardo, educadora social a la Biblioteca Sant Pau-Santa Creu de Barcelona. Modera Isabel Minguill\u00f3n, directora de la Biblioteca Guinard\u00f3-Merc\u00e8 Rodoreda de Barcelona i vocal del COBDC.&nbsp;<\/span><\/td>\n<\/tr>\n<tr>\n<td style=\"vertical-align: top;\"><span style=\"color: #000000;\"><strong>17:30 h<\/strong><\/span><\/td>\n<td><span style=\"color: #000000;\"><strong><em>Com transformar idees impossibles en projectes viables. <\/em><\/strong>Pep Casals, co-fundador de Nubilum i Coeli.<\/span><\/td>\n<\/tr>\n<tr>\n<td style=\"vertical-align: top;\"><span style=\"color: #000000;\"><strong>17.45 h<\/strong><\/span><\/td>\n<td><span style=\"color: #000000;\"><strong>Espai Nostromo. <em>Bibliopol\u00edtica i utopia.<\/em><\/strong> Amb Andityas Soares de Moura Costa Matos, doctor y professor de Filosofia del Dret a la Universitat Federal de Minas Gerais (Brasil); Francis Garc\u00eda Collado, doctor en Filosofia per la Universitat de Barcelona i Carme Galve, directora de la Biblioteca Jaume Fuster de Barcelona i vicepresidenta del COBDC.<\/span><\/td>\n<\/tr>\n<tr>\n<td style=\"vertical-align: top;\"><span style=\"color: #000000;\"><strong>18.30 h<\/strong><\/span><\/td>\n<td><strong><span style=\"color: #000000;\">Fi de la jornada.<\/span><\/strong><\/td>\n<\/tr>\n<\/tbody>\n<\/table>\n<p style=\"color: #0b70a6; font-size: 33px;\"><strong>Centre C\u00edvic Convent de Sant Agust\u00ed.<br>Sala Calidoscopi<\/strong><\/p>\n<table>\n<tbody>\n<tr>\n<td style=\"vertical-align: top;\"><span style=\"color: #000000;\"><strong>11.00 h<\/strong><\/span><\/td>\n<td><span style=\"color: #000000;\"><strong>Unitat comunicativa. <em>Dune<\/em><\/strong> (ESPECIALITZADES)<\/span><br><b><span style=\"color: #000000;\"><em>Cicle tem\u00e0tic: Infermeria avui, trencant t\u00f2pics.<\/em><\/span><br><\/b><span style=\"color: #000000;\">Col\u00b7laboraci\u00f3 entre Biblioteques de Barcelona (districte de Sant Mart\u00ed) i Col\u00b7legi Oficial d\u2019Infermeres i Infermers de Barcelona. Blanca Vir\u00f3s i Pujol\u00e0 i Marta Perpi\u00f1\u00e1n Arias, Col\u00b7legi Oficial d\u2019Infermeres i Infermers de Barcelona; M. de los Llanos Gonz\u00e1lez Garc\u00eda i Llu\u00eds Mart\u00ednez M\u00e9ndez, Biblioteques del Districte de Sant Mart\u00ed del Consorci de Biblioteques de Barcelona.<\/span><br><span style=\"color: #000000;\"><em><b>Laboratori bibliotecari \u201cfanzins atemporals\u201d.<\/b><\/em> Meritxell Barea Molina, Cristina Andreu Nebot, Olga Cano Llavero, Marina Carbonell, Marta Civil i Serra, Ra\u00fal Cor\u00e9 Bradineras, Aida Fern\u00e1ndez Garcia, Anna Maria Florensa Farr\u00e9, M\u00f2nica Gonz\u00e0lez Gavara i Irina Olives Piris. Membres del grup de treball del laboratori \u201cFanzins atemporals\u201d. Servei de Biblioteques de la Universitat Aut\u00f2noma de Barcelona.<\/span><br><span style=\"color: #000000;\"><em><b>Relats compartits: una experi\u00e8ncia col\u00b7laborativa entre biblioteques per visibilitzar les escriptores.<\/b><\/em> Marta Garc\u00eda Rodr\u00edguez, Biblioteca de la UCJC; Sandra P\u00e9rez Roig i Mireia Castillon Fuster. Biblioteca de la UOC.<\/span><br><span style=\"color: #000000;\"><strong><em>Del projecte a l\u2019acci\u00f3: Impulsant els ODS a trav\u00e9s del treball en equip a l\u2019\u00c0rea de Biblioteca, Documentaci\u00f3 i Arxiu de la UIB.<\/em> <\/strong>Marta Mac\u00edas Borras (en representaci\u00f3 del Grup de treball ODS). \u00c0rea de Biblioteca, Documentaci\u00f3 i Arxiu de la Universitat de les Illes Balears.<br><\/span><\/td>\n<\/tr>\n<tr>\n<td style=\"width: 70px; vertical-align: top;\"><span style=\"color: #000000;\"><strong>12.00 h<\/strong><\/span><\/td>\n<td><em><span style=\"color: #000000;\"><b><i>Explorant l\u2019evoluci\u00f3 de la intel\u00b7lig\u00e8ncia artificial: des de Turing-Clarke a Normadat. <\/i><\/b><\/span><\/em><span style=\"color: #000000;\"><span style=\"font-weight: 400;\">Llu\u00eds Ren\u00f3m, comercial de Normadat.<\/span><\/span><\/td>\n<\/tr>\n<tr>\n<td style=\"vertical-align: top;\"><span style=\"color: #000000;\"><strong>12.15 h<\/strong><\/span><\/td>\n<td><span style=\"color: #000000;\"><strong>Unitat comunicativa. <em>Els desposse\u00efts<\/em><\/strong><\/span><br><span style=\"color: #000000;\"><em><b>Els ODS a la Biblioteca del Campus del Baix Llobregat de la UPC: accions de recollida i difusi\u00f3 de la producci\u00f3 UPC i activitats de sensibilitzaci\u00f3.<\/b><\/em> Gemma Garc\u00eda L\u00f3pez, cap de la Biblioteca del Campus del Baix Llobregat; Marta Hern\u00e1ndez Bastida, bibliotec\u00e0ria de la Biblioteca del Campus del Baix Llobregat. UPC.<\/span><br><span style=\"color: #000000;\"><em><b>El cam\u00ed cap a la millora: el servei de comunicaci\u00f3 i web de la Biblioteca de la UOC.<\/b><\/em> Sandra P\u00e9rez Roig, Nat\u00e0lia Castellana Mir, Carlos Lavatelli. \u00c0rea de Recursos i Aprenentatge. UOC.<\/span><br><span style=\"color: #000000;\"><b><em>Autopr\u00e9stec a la Biblioteca de l\u2019ETSAV de la UPC mitjan\u00e7ant l\u2019app institucional.<\/em> <\/b>Francesc Carnerero, Merc\u00e8 Mestre, Andr\u00e9s P\u00e9rez, Marta Cortina SBPA (Servei de Biblioteques, Publicacions i Arxius); Antonio Juan Prieto, Servei de Disseny i Desenvolupament de Solucions TIC; Amador \u00c1lvarez, UTG \u00c0mbit d\u2019Arquitectura Sant Cugat. UPC (Universitat Polit\u00e8cnica de Catalunya).<br><\/span><\/td>\n<\/tr>\n<tr>\n<td style=\"width: 70px; vertical-align: top;\"><span style=\"color: #000000;\"><strong>12.45 h<\/strong><\/span><\/td>\n<td><em><span style=\"color: #000000;\"><b><i><strong>Connecta amb el coneixement infinit. La teva biblioteca digital sense l\u00edmits. <\/strong><\/i><\/b><\/span><\/em><span style=\"color: #000000;\">Carla Regany, Global Strategic Alliances Manager a Odilo.<\/span><\/td>\n<\/tr>\n<tr>\n<td style=\"vertical-align: top;\"><span style=\"color: #000000;\"><strong>13.00 h<\/strong><\/span><\/td>\n<td><span style=\"color: #000000;\"><strong>Unitat comunicativa. <em>L&#8217;illa del doctor Moreau<\/em><\/strong> (PLANS DE LECTURA)<\/span><br><span style=\"color: #000000;\"><b><em>Cooperaci\u00f3 internacional: I si&#8230; ens quedem amb la utopia? Avan\u00e7ant amb el foment lector a les zones rurals del nord de Cambodja.<\/em> <\/b>Rouet Wen, coordinador Equip Karuna Obrum Battambang; Viiyeak Kosal, equip coordinador Foment Lectura, Mariona Chavarria Domingo, bibliotec\u00e0ria i col\u00b7laboradora de Karuna Obrum Battambang.<\/span><br><em><b style=\"color: #000000;\">Env(B)elleix a<\/b><span style=\"color: #000000;\"><b>&nbsp;Riells i Viabrea<\/b><\/span><b style=\"color: #000000;\">.<\/b><\/em><span style=\"color: #000000;\"> Alena Moragas Tarrag\u00f3n, Bibliotec\u00e0ria. Biblioteca Pompeu Fabra de Riells i Viabrea.<\/span><br><span style=\"color: #000000;\"><strong><em>Lectura arreu: la Xarxa de Bibliobusos de la Diputaci\u00f3 de Barcelona arriba a tots els municipis.<\/em> <\/strong>Rosa Poch, responsable de bibliobusos de la Ger\u00e8ncia de Serveis de Biblioteques de la Diputaci\u00f3 de Barcelona; Esperan\u00e7a Pa\u00f1os, cap de la Secci\u00f3 de Serveis bibliotecaris de la Ger\u00e8ncia de Serveis de Biblioteques de la Diputaci\u00f3 de Barcelona.<\/span><br><span style=\"color: #000000;\"><b><em>Plans de lectura municipals.<\/em> <\/b>Esperan\u00e7a Pa\u00f1os, cap de la Secci\u00f3 de Serveis bibliotecaris, Ger\u00e8ncia de Serveis de Biblioteques de la Diputaci\u00f3 de Barcelona; Judit Terma, cap de l\u2019Oficina de Serveis a la Xarxa de Biblioteques, Ger\u00e8ncia de Serveis de Biblioteques de la Diputaci\u00f3 de Barcelona.<br><\/span><\/td>\n<\/tr>\n<tr>\n<td style=\"width: 70px; text-align: left;\"><span style=\"color: #000000;\"><strong>14.00 h<\/strong><\/span><\/td>\n<td><strong><span style=\"color: #000000;\"><em>Descans migdia.<\/em><\/span><\/strong><\/td>\n<\/tr>\n<tr>\n<td style=\"vertical-align: top;\"><span style=\"color: #000000;\"><strong>16.00 h&nbsp;<\/strong><\/span><\/td>\n<td><span style=\"color: #0b70a6;\"><b>ESPAI A<\/b><\/span><br><b style=\"color: #000000;\">Taula rodona.<em> I si&#8230; no hi hagu\u00e9s veu feminista a la professi\u00f3 bibliotec\u00e0ria?<\/em><\/b><span style=\"color: #000000;\"> Grup de Treball Dones Visibles. Amb Assumpci\u00f3 Estivill Rius&nbsp;i Anna Cab\u00f3 i Cardona. Presentaci\u00f3 i moderaci\u00f3 a c\u00e0rrec de F\u00e0tima Anglada Ametller.&nbsp;<\/span><\/td>\n<\/tr>\n<tr>\n<td style=\"vertical-align: top;\"><span style=\"color: #000000;\"><strong>16.00 h&nbsp;<\/strong><\/span><\/td>\n<td><span style=\"color: #0b70a6;\"><span style=\"color: ##0b70a6;\"><b>ESPAI B<\/b><\/span><br><span style=\"color: #000000;\"><span style=\"color: #000000;\"><b>Taula rodona. <em><strong>I si tots els centres educatius de Catalunya tinguessin biblioteca, qu\u00e8 passaria amb la inclusi\u00f3?<\/strong><\/em><\/b> Amb Montse Verdaguer i Griselda Palomeras, mestres i responsables de biblioteques escolars, del Seminari de biblioteques escolars de Salt i Noa Cando Soler, bibliotec\u00e0ria,&nbsp; i Marta Cabestany, orientadora, de l\u2019INS Llu\u00eds Requesens de Molins de Rei. Modera: Dolors Madeo, bibliotec\u00e0ria de Biblioteques de Girona i membre del grup de treball de biblioteques escolars.<\/span><\/span><\/span><span style=\"color: #000000;\">&nbsp;<\/span><\/td>\n<\/tr>\n<tr>\n<td style=\"vertical-align: top;\"><span style=\"color: #000000;\"><strong>19.00 h<\/strong><\/span><\/td>\n<td><span style=\"color: #000000;\"><span style=\"color: #000000;\"><span style=\"color: #000000;\"><b><em>Lletres i vins<\/em> al Museu Picasso. <\/b>Maridatge musical amb vins de les D.O. catalanes amb el trio de jazz Terra Alta. Amb la col\u00b7laboraci\u00f3 del Museu Picasso i INCAVI.<\/span><\/span><\/span><\/td>\n<\/tr>\n<\/tbody>\n<\/table>\n<hr>\n<p style=\"color: grey; font-size: 20px;\"><strong>&nbsp;<\/strong><\/p>\n<p style=\"color: grey; font-size: 20px;\"><strong>Divendres 24<\/strong><\/p>\n<p style=\"color: #0b70a6; font-size: 33px;\"><strong>El Born Centre de Cultura i Mem\u00f2ria.<\/strong><\/p>\n<p style=\"color: #0b70a6; font-size: 33px;\"><b>Sala Moragues<\/b><\/p>\n<table>\n<tbody>\n<tr>\n<td style=\"width: 70px; vertical-align: top;\"><span style=\"color: #000000;\"><strong>9.00 h<\/strong><\/span><\/td>\n<td><span style=\"color: #000000;\"><strong>HAL 9000. <em>Literatura i distopia.<\/em><\/strong> Amb Laura Huerga, escriptora; Ricard Ruiz Garz\u00f3n, escriptor; Blanca Llum Vidal, escriptora. Presenta J<\/span><span style=\"background-color: var(--wp--preset--color--base);\"><span style=\"color: #000000;\">ordi Bosch, director de la Biblioteca Pla\u00e7a d\u2019Europa de l\u2019Hospitalet de Llobregat i secretari del COBDC.<\/span><\/span><span style=\"color: #000000;\"><br><\/span><\/td>\n<\/tr>\n<tr>\n<td style=\"vertical-align: top;\"><span style=\"color: #000000;\"><strong>10.00 h<\/strong><\/span><\/td>\n<td><strong><span style=\"color: #000000;\">Pausa caf\u00e8. Cafeteria del Centre C\u00edvic Convent de Sant Agust\u00ed.<\/span><\/strong><\/td>\n<\/tr>\n<tr>\n<td style=\"vertical-align: top;\"><span style=\"color: #000000;\"><strong>10.45 h<\/strong><\/span><\/td>\n<td><span style=\"color: #000000;\"><strong>Taula tecnol\u00f2gica. <em>I si les m\u00e0quines prenguessin autonomia?<\/em><\/strong> Amb Nabil Saadallah, director de vendes d\u2019Innovative Interfaces LATAM\/EMEA; Jos\u00e9 A. Asensi, soci fundador d\u2019IdCare, Gerard Vidal Santos, consultor de biblioteques a OCLC; Pep Casals, co-fundador de Nubilum i Coeli. Modera Rub\u00e9n Alcaraz, professor lector del Departament de Biblioteconomia, Documentaci\u00f3 i Comunicaci\u00f3 Audiovisual de la UB.<\/span><\/td>\n<\/tr>\n<tr>\n<td style=\"vertical-align: top;\"><span style=\"color: #000000;\"><strong>12.30 h<\/strong><\/span><\/td>\n<td><span style=\"color: #000000;\"><strong>Taula de sostenibilitat. <em>I si des de les biblioteques ens responsabilitzem ambientalment?<\/em><\/strong> Amb Manel Torrent Aixa, director t\u00e8cnic al Consorci Ag\u00e8ncia Local d&#8217;Energia de Barcelona, Miguel \u00c1ngel Garfia, director de la Red de Bibliotecas Pol\u00edticas de Sevilla i coordinador de Bibliokepos, Yolanda G\u00f3mez, bibliotec\u00e0ria de la Biblioteca Julia Uceda de Sevilla i Laia Figueras directora de l&#8217;Institut d&#8217;ecoedici\u00f3. Modera N\u00faria Flo, directora de la Biblioteca de Collserola de Barcelona.<\/span><\/td>\n<\/tr>\n<tr>\n<td style=\"vertical-align: top;\"><span style=\"color: #000000;\"><strong>14.00 h<\/strong><\/span><\/td>\n<td><strong><span style=\"color: #000000;\">Confer\u00e8ncia de clausura. <\/span><\/strong><span style=\"color: #000000;\">Amb Izaskun Arretxe i Irigoien, directora de la Instituci\u00f3 de les lletres catalanes.<\/span><\/td>\n<\/tr>\n<tr>\n<td style=\"vertical-align: top;\"><span style=\"color: #000000;\"><strong>14.45 h<\/strong><\/span><\/td>\n<td><strong><span style=\"color: #000000;\">Clausura de les 17JCID.<\/span><\/strong><\/td>\n<\/tr>\n<tr>\n<td style=\"vertical-align: top;\"><span style=\"color: #000000;\"><strong>15.00 h<\/strong><\/span><\/td>\n<td><strong><span style=\"color: #000000;\">Fi de les 17JCID.<\/span><\/strong><\/td>\n<\/tr>\n<tr>\n<td style=\"vertical-align: top;\">&nbsp;<\/td>\n<td>&nbsp;<\/td>\n<\/tr>\n<\/tbody>\n<\/table>\n<p style=\"color: #0b70a6; font-size: 33px;\"><strong>Centre C\u00edvic Convent de Sant Agust\u00ed.&nbsp;<\/strong><\/p>\n<p style=\"color: #0b70a6; font-size: 33px;\"><strong>Sala Noble<\/strong><\/p>\n<div>\n<table>\n<tbody>\n<tr>\n<td style=\"width: 70px; vertical-align: top;\"><span style=\"color: #000000;\"><strong>09.30 h<\/strong><\/span><\/td>\n<td><strong><span style=\"color: #000000;\">Contrarellotge de p\u00f2sters<br><em>El p\u00f2dcast de la Biblioteca de Catalunya: una finestra a noves oportunitats.<\/em><\/span><\/strong><span style=\"color: #000000;\"> Iris Torregrossa, Marta Riera. Biblioteca de Catalunya.<\/span><br><strong><span style=\"color: #000000;\"><em>Diaris i revistes a Catalunya, 2018-2022. <\/em><\/span><\/strong><span style=\"color: #000000;\">M\u00f2nica Gonz\u00e1lez<\/span><span style=\"color: #000000;\">, Grup de Treball de Publicacions en S\u00e8rie del COBDC.<\/span><strong><span style=\"color: #000000;\"><br><em>El tesaurus de \u201cPreservem la mem\u00f2ria. Repositori virtual d\u2019Infermeria de Barcelona\u201d<\/em>. <\/span><\/strong><span style=\"color: #000000;\">Blanca Vir\u00f3s i Pujol\u00e0 i Marta Perpi\u00f1\u00e1n Arias, COIB; Am\u00e8lia Guilera Roche, Associaci\u00f3 FEBE; M. Jos\u00e9 Serrano Serrano, Obrador d\u2019Idees.<\/span><strong><span style=\"color: #000000;\"><br><em>Com \u00e9s el llibre digital a la UOC? Millora de l\u2019acc\u00e9s i la claredat: un horitz\u00f3 nou per als llibres digitals<\/em>.<\/span><\/strong><span style=\"color: #000000;\"> Nat\u00e0lia Castellana Mir, Ander G\u00e1mez Dom\u00ednguez, Mariana Sanz L\u00f3pez, Sara Zerini. Universitat \u00c0rea de Biblioteca i Recursos d\u2019Aprenentatge. Oberta de Catalunya (UOC).<\/span><strong><span style=\"color: #000000;\"><br><em>Intervencions per exposar i difondre la col\u00b7lecci\u00f3. Aparadors i finestres liter\u00e0ries a la Biblioteca Josep Jan\u00e9s. <\/em><\/span><\/strong><span style=\"color: #000000;\">Xavier L\u00f3pez S\u00e1nchez i Esther Pozo Vives. Biblioteca Josep Jan\u00e9s, l\u2019Hospitalet de Llobregat.<\/span><strong><span style=\"color: #000000;\"><br><em>Com ser un expert en cinema a la teva biblioteca en 10 passos. <\/em><\/span><\/strong><span style=\"color: #000000;\">Gl\u00f2ria Massana Figueras, Grup de Treball del COBDC Biblioteques i cinema.<\/span><\/td>\n<\/tr>\n<tr>\n<td style=\"vertical-align: top;\"><span style=\"color: #000000;\"><strong>10.00 h<\/strong><\/span><\/td>\n<td><strong><span style=\"color: #000000;\">Pausa caf\u00e8. Cafeteria del Centre C\u00edvic Convent de Sant Agust\u00ed.<\/span><\/strong><\/td>\n<\/tr>\n<tr>\n<td style=\"vertical-align: top;\"><span style=\"color: #000000;\"><strong>10.45 h<\/strong><\/span><\/td>\n<td><span style=\"color: #000000;\"><strong>Unitat comunicativa. <em>El senyor de les mosques<\/em><\/strong> (LECTURA I JOVES)<\/span><br><em><span style=\"color: #000000;\"><b>De bibliotec\u00e0ria a Youth Services Librarian: una experi\u00e8ncia a les biblioteques de Calif\u00f2rnia (EUA).&nbsp;<\/b><\/span><\/em><span style=\"color: #000000;\">Andrea Pozo Ram\u00edrez, ex-Youth Services Librarian for the Redwood City Public Library.<\/span><br><span style=\"color: #000000;\"><b><em>Lectura en Moviment: Connectant Joves amb la Cultura.<\/em> <\/b>Montserrat Recasens, Biblioteca Pepita Ferrer de Torreforta.<\/span><\/td>\n<\/tr>\n<tr>\n<td style=\"vertical-align: top;\"><span style=\"color: #000000;\"><strong>11.30 h<\/strong><\/span><\/td>\n<td><strong><span style=\"color: #000000;\"><b>Taula rodona. <\/b><b><i>El c\u00f2mic juvenil: \u00e8xit i encaix<\/i><\/b><b>. <\/b><span style=\"font-weight: 400;\">Amb Jaume Vilarrub\u00ed, bibliotecari a la Biblioteca Josep Soler Vidal de Gav\u00e0; Elisabeth V\u00e1zquez, directora de la Biblioteca de Ripollet; Eli Ram\u00edrez, bibliotec\u00e0ria a la Biblioteca La B\u00f2bila de l\u2019Hospitalet de Llobregat; Helena Barco, bibliotec\u00e0ria a la Biblioteca Joan Rigau i Salas de Vidreres (Girona).<\/span><\/span><\/strong><\/td>\n<\/tr>\n<\/tbody>\n<\/table>\n<\/div>\n<p style=\"color: #0b70a6; font-size: 33px;\"><strong>Centre C\u00edvic Convent de Sant Agust\u00ed.<\/strong><\/p>\n<div>\n<p style=\"color: #0b70a6; font-size: 33px;\"><strong>Sala <b>Calidoscopi<\/b><\/strong><\/p>\n<div>\n<table>\n<tbody>\n<tr>\n<td style=\"width: 70px; vertical-align: top;\"><span style=\"color: #000000;\"><strong>10:45 h<\/strong><\/span><\/td>\n<td><span style=\"color: #000000;\"><strong>Unitat comunicativa. <em>Battle Royale<\/em><\/strong> (PROFESSIONALS)<\/span><br><span style=\"color: #000000;\"><em><b>Un equip interdisciplinari, la clau de l\u2019\u00e8xit de la Biblioteca Pilarin Bay\u00e9s.<\/b><\/em> Ignasi Janer Cabo, coordinador de l\u2019equipament; Ester Farr\u00e9s Sucarrat, directora de la biblioteca. Biblioteca Pilarin Bay\u00e9s de Vic.<\/span><br><span style=\"color: #000000;\"><em><b>El perfil professional de l&#8217;educadora social al Consorci de Biblioteques de Barcelona.<\/b><\/em> Silvia Villar, Consorci de biblioteques de Barcelona.<\/span><br><span style=\"color: #000000;\"><em><b>Entre l\u00ednies, llegint la desinformaci\u00f3. Capacitaci\u00f3 en desinformaci\u00f3 i verificaci\u00f3 digital a la XBM.<\/b><\/em> Andreu Orte del Molino, cap de la Unitat de Programaci\u00f3 i Innovaci\u00f3; S\u00f2nia Andr\u00e9s Peir\u00f3, t\u00e8cnica de la Unitat de Programaci\u00f3 i Innovaci\u00f3; Montse \u00c1lvarez Mass\u00f3, responsable de cooperaci\u00f3 bibliotec\u00e0ria; Sam Sabio Garcia, t\u00e8cnic de la Unitat de Dinamitzaci\u00f3 i Serveis Bibliotecaris. Ger\u00e8ncia de Serveis de Biblioteques. Diputaci\u00f3 de Barcelona.<\/span><br><span style=\"color: #000000;\"><b><em>\u00bfQu\u00e9 significa ser bibliotecaria de ciencias de la salud? La especializaci\u00f3n es una realidad.<\/em> <\/b>Eul\u00e0lia Grifol-Clar, responsable de la Biblioteca Hospital Universitario Fundaci\u00f3n Alcorc\u00f3n; C\u00e9sar Manso-Perea, responsable de la Biblioteca Colegio Oficial de Enfermer\u00eda de Madrid.<\/span><\/td>\n<\/tr>\n<tr>\n<td style=\"vertical-align: top;\"><span style=\"color: #000000;\"><strong>12:30 h<\/strong><\/span><\/td>\n<td><span style=\"color: #000000;\"><strong>Taller. <em>I si&#8230; les biblioteques ja s\u00f3n intel\u00b7ligents&#8230; Per qu\u00e8 cal la intel\u00b7lig\u00e8ncia artificial a la biblioteca? <\/em><\/strong>Amb Santiago Villegas, consultor de transformaci\u00f3 digital per al sector cultural. Presenta David \u00c1lvarez, bibliotecari a la Biblioteca Carles Rahola de Girona.<\/span><\/td>\n<\/tr>\n<\/tbody>\n<\/table>\n<\/div>\n<\/div>\t\t\t\t\t\t\t\t<\/div>\n\t\t\t\t<\/div>\n\t\t\t\t\t<\/div>\n\t\t\t\t<\/div>\n\t\t\t\t<\/div>\n\t\t\t\t<\/div>\n\t\t","protected":false},"excerpt":{"rendered":"<p>PROGRAMA PDF Dijous 23 El Born Centre de Cultura i Mem\u00f2ria.&nbsp; Sala Moragues 8.00 h Acreditacions 9.00 h Obertura de les 17JCID. Confer\u00e8ncia inaugural amb Anna Punsoda. Escriptora, periodista i editora. 10.15 h Pausa caf\u00e8. Cafeteria del Centre C\u00edvic Convent de Sant Agust\u00ed. 11.00 h&nbsp;&nbsp; VEGA LX. La nova experi\u00e8ncia per la biblioteca. Nabil Saadallah, [&hellip;]<\/p>\n","protected":false},"author":2,"featured_media":0,"comment_status":"closed","ping_status":"closed","sticky":false,"template":"","format":"standard","meta":{"footnotes":""},"categories":[1],"tags":[8],"class_list":["post-739","post","type-post","status-publish","format-standard","hentry","category-general","tag-programa"],"_links":{"self":[{"href":"https:\/\/cobdc.net\/17JCID\/wp-json\/wp\/v2\/posts\/739","targetHints":{"allow":["GET"]}}],"collection":[{"href":"https:\/\/cobdc.net\/17JCID\/wp-json\/wp\/v2\/posts"}],"about":[{"href":"https:\/\/cobdc.net\/17JCID\/wp-json\/wp\/v2\/types\/post"}],"author":[{"embeddable":true,"href":"https:\/\/cobdc.net\/17JCID\/wp-json\/wp\/v2\/users\/2"}],"replies":[{"embeddable":true,"href":"https:\/\/cobdc.net\/17JCID\/wp-json\/wp\/v2\/comments?post=739"}],"version-history":[{"count":503,"href":"https:\/\/cobdc.net\/17JCID\/wp-json\/wp\/v2\/posts\/739\/revisions"}],"predecessor-version":[{"id":2230,"href":"https:\/\/cobdc.net\/17JCID\/wp-json\/wp\/v2\/posts\/739\/revisions\/2230"}],"wp:attachment":[{"href":"https:\/\/cobdc.net\/17JCID\/wp-json\/wp\/v2\/media?parent=739"}],"wp:term":[{"taxonomy":"category","embeddable":true,"href":"https:\/\/cobdc.net\/17JCID\/wp-json\/wp\/v2\/categories?post=739"},{"taxonomy":"post_tag","embeddable":true,"href":"https:\/\/cobdc.net\/17JCID\/wp-json\/wp\/v2\/tags?post=739"}],"curies":[{"name":"wp","href":"https:\/\/api.w.org\/{rel}","templated":true}]}}